{"id":246,"date":"2015-09-13T14:18:18","date_gmt":"2015-09-13T14:18:18","guid":{"rendered":"http:\/\/blog.christoph-limbach.de\/?p=246"},"modified":"2025-09-28T19:31:20","modified_gmt":"2025-09-28T17:31:20","slug":"beim-alten-in-rhoendorf","status":"publish","type":"post","link":"https:\/\/blog.christoph-limbach.de\/?p=246","title":{"rendered":"Beim &#8222;Alten&#8220; in Rh\u00f6ndorf&#8230;&#8230;"},"content":{"rendered":"<p><a href=\"https:\/\/blog.christoph-limbach.de\/wp-content\/uploads\/2015\/09\/20150913_121453a.jpg\"><img loading=\"lazy\" decoding=\"async\" class=\"alignnone size-medium wp-image-248\" src=\"https:\/\/blog.christoph-limbach.de\/wp-content\/uploads\/2015\/09\/20150913_121453a-225x300.jpg\" alt=\"20150913_121453a\" width=\"225\" height=\"300\" srcset=\"https:\/\/blog.christoph-limbach.de\/wp-content\/uploads\/2015\/09\/20150913_121453a-225x300.jpg 225w, https:\/\/blog.christoph-limbach.de\/wp-content\/uploads\/2015\/09\/20150913_121453a-768x1024.jpg 768w, https:\/\/blog.christoph-limbach.de\/wp-content\/uploads\/2015\/09\/20150913_121453a-624x832.jpg 624w, https:\/\/blog.christoph-limbach.de\/wp-content\/uploads\/2015\/09\/20150913_121453a.jpg 900w\" sizes=\"auto, (max-width: 225px) 100vw, 225px\" \/><\/a><\/p>\n<p>Am heutigen Tag des offenen Denkmals habe ich mich zur\u00fcck in die Zeit der fr\u00fchen &#8222;Bonner Republik&#8220; versetzt. Daf\u00fcr brauchte es etwa keiner Zeitmaschine, sondern einfach eines Besuches, des Wohnhauses Konrad Adenauers, in Rh\u00f6ndorf. Bereits kurz nach seinem Tod im Jahre 1967 wurde das Anwesen f\u00fcr die \u00d6ffentlichkeit zug\u00e4nglich gemacht. Sp\u00e4ter folgte eine Dokumentationsst\u00e4tte, in der das politische Wirken Adenauers veranschaulicht wird. S\u00e4mtliche Wohnr\u00e4ume wurden seit 1967 in ihrem Originalzustand belassen. Regul\u00e4r ist ein Besuch nur im Rahmen einer F\u00fchrung m\u00f6glich.<\/p>\n<figure id=\"attachment_249\" aria-describedby=\"caption-attachment-249\" style=\"width: 300px\" class=\"wp-caption alignnone\"><a href=\"https:\/\/blog.christoph-limbach.de\/wp-content\/uploads\/2015\/09\/20150913_114637a.jpg\"><img loading=\"lazy\" decoding=\"async\" class=\"size-medium wp-image-249\" src=\"https:\/\/blog.christoph-limbach.de\/wp-content\/uploads\/2015\/09\/20150913_114637a-300x225.jpg\" alt=\"Das Dokumentationszentrum veranschaulicht das politische Wirken Adenauers durch vier Jahrzehnte.\" width=\"300\" height=\"225\" srcset=\"https:\/\/blog.christoph-limbach.de\/wp-content\/uploads\/2015\/09\/20150913_114637a-300x225.jpg 300w, https:\/\/blog.christoph-limbach.de\/wp-content\/uploads\/2015\/09\/20150913_114637a-1024x768.jpg 1024w, https:\/\/blog.christoph-limbach.de\/wp-content\/uploads\/2015\/09\/20150913_114637a-624x468.jpg 624w, https:\/\/blog.christoph-limbach.de\/wp-content\/uploads\/2015\/09\/20150913_114637a.jpg 1250w\" sizes=\"auto, (max-width: 300px) 100vw, 300px\" \/><\/a><figcaption id=\"caption-attachment-249\" class=\"wp-caption-text\">Das Dokumentationszentrum veranschaulicht das politische Wirken Adenauers durch vier Jahrzehnte.<\/figcaption><\/figure>\n<figure id=\"attachment_250\" aria-describedby=\"caption-attachment-250\" style=\"width: 300px\" class=\"wp-caption alignnone\"><a href=\"https:\/\/blog.christoph-limbach.de\/wp-content\/uploads\/2015\/09\/20150913_120332a.jpg\"><img loading=\"lazy\" decoding=\"async\" class=\"size-medium wp-image-250\" src=\"https:\/\/blog.christoph-limbach.de\/wp-content\/uploads\/2015\/09\/20150913_120332a-300x225.jpg\" alt=\"Wer glaubt, Protz und Prunk w\u00e4ren die Sache des 1. Kanzlers der Bundesrepublik gewesen, wird in seinen ehemaligen Gem\u00e4chern eines besseren belehrt. \" width=\"300\" height=\"225\" srcset=\"https:\/\/blog.christoph-limbach.de\/wp-content\/uploads\/2015\/09\/20150913_120332a-300x225.jpg 300w, https:\/\/blog.christoph-limbach.de\/wp-content\/uploads\/2015\/09\/20150913_120332a-1024x768.jpg 1024w, https:\/\/blog.christoph-limbach.de\/wp-content\/uploads\/2015\/09\/20150913_120332a-624x468.jpg 624w, https:\/\/blog.christoph-limbach.de\/wp-content\/uploads\/2015\/09\/20150913_120332a.jpg 1250w\" sizes=\"auto, (max-width: 300px) 100vw, 300px\" \/><\/a><figcaption id=\"caption-attachment-250\" class=\"wp-caption-text\">Wer glaubt, Protz und Prunk w\u00e4ren die Sache des 1. Kanzlers der Bundesrepublik gewesen, wird in seinen ehemaligen Gem\u00e4chern eines besseren belehrt.<\/figcaption><\/figure>\n<figure id=\"attachment_252\" aria-describedby=\"caption-attachment-252\" style=\"width: 225px\" class=\"wp-caption alignnone\"><a href=\"https:\/\/blog.christoph-limbach.de\/wp-content\/uploads\/2015\/09\/20150913_121426a.jpg\"><img loading=\"lazy\" decoding=\"async\" class=\"size-medium wp-image-252\" src=\"https:\/\/blog.christoph-limbach.de\/wp-content\/uploads\/2015\/09\/20150913_121426a-225x300.jpg\" alt=\"Die private Boccia-Anlage auf Adenauers Anwesen.\" width=\"225\" height=\"300\" srcset=\"https:\/\/blog.christoph-limbach.de\/wp-content\/uploads\/2015\/09\/20150913_121426a-225x300.jpg 225w, https:\/\/blog.christoph-limbach.de\/wp-content\/uploads\/2015\/09\/20150913_121426a-768x1024.jpg 768w, https:\/\/blog.christoph-limbach.de\/wp-content\/uploads\/2015\/09\/20150913_121426a-624x832.jpg 624w, https:\/\/blog.christoph-limbach.de\/wp-content\/uploads\/2015\/09\/20150913_121426a.jpg 900w\" sizes=\"auto, (max-width: 225px) 100vw, 225px\" \/><\/a><figcaption id=\"caption-attachment-252\" class=\"wp-caption-text\">Die private Boccia-Anlage auf Adenauers Anwesen.<\/figcaption><\/figure>\n","protected":false},"excerpt":{"rendered":"<p>Am heutigen Tag des offenen Denkmals habe ich mich zur\u00fcck in die Zeit der fr\u00fchen &#8222;Bonner Republik&#8220; versetzt. Daf\u00fcr brauchte es etwa keiner Zeitmaschine, sondern einfach eines Besuches, des Wohnhauses Konrad Adenauers, in Rh\u00f6ndorf. Bereits kurz nach seinem Tod im Jahre 1967 wurde das Anwesen f\u00fcr die \u00d6ffentlichkeit zug\u00e4nglich gemacht. Sp\u00e4ter folgte eine Dokumentationsst\u00e4tte, in [&hellip;]<\/p>\n","protected":false},"author":2,"featured_media":0,"comment_status":"open","ping_status":"open","sticky":false,"template":"","format":"standard","meta":{"footnotes":""},"categories":[6],"tags":[],"class_list":["post-246","post","type-post","status-publish","format-standard","hentry","category-geschichte"],"_links":{"self":[{"href":"https:\/\/blog.christoph-limbach.de\/index.php?rest_route=\/wp\/v2\/posts\/246","targetHints":{"allow":["GET"]}}],"collection":[{"href":"https:\/\/blog.christoph-limbach.de\/index.php?rest_route=\/wp\/v2\/posts"}],"about":[{"href":"https:\/\/blog.christoph-limbach.de\/index.php?rest_route=\/wp\/v2\/types\/post"}],"author":[{"embeddable":true,"href":"https:\/\/blog.christoph-limbach.de\/index.php?rest_route=\/wp\/v2\/users\/2"}],"replies":[{"embeddable":true,"href":"https:\/\/blog.christoph-limbach.de\/index.php?rest_route=%2Fwp%2Fv2%2Fcomments&post=246"}],"version-history":[{"count":3,"href":"https:\/\/blog.christoph-limbach.de\/index.php?rest_route=\/wp\/v2\/posts\/246\/revisions"}],"predecessor-version":[{"id":425,"href":"https:\/\/blog.christoph-limbach.de\/index.php?rest_route=\/wp\/v2\/posts\/246\/revisions\/425"}],"wp:attachment":[{"href":"https:\/\/blog.christoph-limbach.de\/index.php?rest_route=%2Fwp%2Fv2%2Fmedia&parent=246"}],"wp:term":[{"taxonomy":"category","embeddable":true,"href":"https:\/\/blog.christoph-limbach.de\/index.php?rest_route=%2Fwp%2Fv2%2Fcategories&post=246"},{"taxonomy":"post_tag","embeddable":true,"href":"https:\/\/blog.christoph-limbach.de\/index.php?rest_route=%2Fwp%2Fv2%2Ftags&post=246"}],"curies":[{"name":"wp","href":"https:\/\/api.w.org\/{rel}","templated":true}]}}